{"id":1644,"date":"2011-07-20T19:40:05","date_gmt":"2011-07-20T18:40:05","guid":{"rendered":"http:\/\/www.fftiewie.at\/?p=1644"},"modified":"2013-05-01T13:31:35","modified_gmt":"2013-05-01T12:31:35","slug":"jugendlager-frankenburg","status":"publish","type":"post","link":"https:\/\/www.fftiewie.at\/?p=1644","title":{"rendered":"Jugendlager Frankenburg"},"content":{"rendered":"<p>Beim 6 Bezirke Jugendlager, heuer \u00a0in Frankenburg vom 17.-20. Juli jagte auch diesmal eine Attraktion die N\u00e4chste.<\/p>\n<p>1. Tag : Anreise nach Frankenburg, um 20 Uhr Er\u00f6ffnungsfeier mit Spielmannszug und der M\u00e4dchentanzgruppe &#8222;Expression Dance Company&#8220;<\/p>\n<table style=\"width: auto;\">\n<tbody>\n<tr>\n<td><a href=\"https:\/\/picasaweb.google.com\/lh\/photo\/WhCLxnn-ZhZ8QN6_THVV7Q?feat=embedwebsite\"><img fetchpriority=\"high\" decoding=\"async\" src=\"https:\/\/lh3.googleusercontent.com\/-Ur64JtNFstc\/TicXRky5KsI\/AAAAAAAAKrY\/nJDaLaSBxX8\/s400\/DSC_0025.JPG\" alt=\"\" width=\"400\" height=\"266\" \/><\/a><\/td>\n<\/tr>\n<tr>\n<td style=\"font-family: arial,sans-serif; font-size: 11px; text-align: right;\">Aus <a href=\"https:\/\/picasaweb.google.com\/fftiewie\/JugendlagerFrankenburg1720072011?authuser=0&amp;feat=embedwebsite\">Jugendlager Frankenburg 17.-20.07.2011<\/a><\/td>\n<\/tr>\n<\/tbody>\n<\/table>\n<table style=\"width: auto;\">\n<tbody>\n<tr>\n<td><a href=\"https:\/\/picasaweb.google.com\/lh\/photo\/WQlWMDjKgbKmXFTpKvEPmg?feat=embedwebsite\"><img decoding=\"async\" src=\"https:\/\/lh4.googleusercontent.com\/-QsC0EE7YQN0\/TicX-G7MKVI\/AAAAAAAAKsM\/gvITKR0OivE\/s400\/DSC_0053.JPG\" alt=\"\" width=\"400\" height=\"266\" \/><\/a><\/td>\n<\/tr>\n<tr>\n<td style=\"font-family: arial,sans-serif; font-size: 11px; text-align: right;\">Aus <a href=\"https:\/\/picasaweb.google.com\/fftiewie\/JugendlagerFrankenburg1720072011?authuser=0&amp;feat=embedwebsite\">Jugendlager Frankenburg 17.-20.07.2011<\/a><\/td>\n<\/tr>\n<\/tbody>\n<\/table>\n<p>2. Tag : Vormittag Lagerolypiade, Nachmittag Baden in Pramet und Abends Elternbesuchstag<\/p>\n<table style=\"width: auto;\">\n<tbody>\n<tr>\n<td><a href=\"https:\/\/picasaweb.google.com\/lh\/photo\/R6W5HE21GPUOFnzPJo22XA?feat=embedwebsite\"><img decoding=\"async\" src=\"https:\/\/lh6.googleusercontent.com\/-Dtz2Dptzw7E\/TicZRoXc7wI\/AAAAAAAAKt8\/qDMjP7G9F7k\/s400\/DSC_0148.JPG\" alt=\"\" width=\"400\" height=\"266\" \/><\/a><\/td>\n<\/tr>\n<tr>\n<td style=\"font-family: arial,sans-serif; font-size: 11px; text-align: right;\">Aus <a href=\"https:\/\/picasaweb.google.com\/fftiewie\/JugendlagerFrankenburg1720072011?authuser=0&amp;feat=embedwebsite\">Jugendlager Frankenburg 17.-20.07.2011<\/a><\/td>\n<\/tr>\n<\/tbody>\n<\/table>\n<table style=\"width: auto;\">\n<tbody>\n<tr>\n<td><a href=\"https:\/\/picasaweb.google.com\/lh\/photo\/oUBWvGPrtwsq6GU8Nih3WA?feat=embedwebsite\"><img loading=\"lazy\" decoding=\"async\" src=\"https:\/\/lh4.googleusercontent.com\/-NtBDbm_Szes\/TicZxvwae1I\/AAAAAAAAKvs\/NqzilO__YKc\/s400\/DSC_0190.JPG\" alt=\"\" width=\"400\" height=\"266\" \/><\/a><\/td>\n<\/tr>\n<tr>\n<td style=\"font-family: arial,sans-serif; font-size: 11px; text-align: right;\">Aus <a href=\"https:\/\/picasaweb.google.com\/fftiewie\/JugendlagerFrankenburg1720072011?authuser=0&amp;feat=embedwebsite\">Jugendlager Frankenburg 17.-20.07.2011<\/a><\/td>\n<\/tr>\n<\/tbody>\n<\/table>\n<p>3. Tag : Vormittags wieder Lagerolypiade, Nachmittags in Pramet am Badesee und Abends Vorf\u00fchrung der Feuerwehr Sportkampfgruppe und Modelflugvorf\u00fchrung. Nachts gab es ein Feuerwerk.<\/p>\n<table style=\"width: auto;\">\n<tbody>\n<tr>\n<td><a href=\"https:\/\/picasaweb.google.com\/lh\/photo\/7k14k_ju5Yq-1pmO4NH3iQ?feat=embedwebsite\"><img loading=\"lazy\" decoding=\"async\" src=\"https:\/\/lh5.googleusercontent.com\/-pTEufdaHNGM\/Ticaz8FuDCI\/AAAAAAAAKzQ\/hqZysWmQ7L4\/s400\/DSC_0292.JPG\" alt=\"\" width=\"400\" height=\"266\" \/><\/a><\/td>\n<\/tr>\n<tr>\n<td style=\"font-family: arial,sans-serif; font-size: 11px; text-align: right;\">Aus <a href=\"https:\/\/picasaweb.google.com\/fftiewie\/JugendlagerFrankenburg1720072011?authuser=0&amp;feat=embedwebsite\">Jugendlager Frankenburg 17.-20.07.2011<\/a><\/td>\n<\/tr>\n<\/tbody>\n<\/table>\n<table style=\"width: auto;\">\n<tbody>\n<tr>\n<td><a href=\"https:\/\/picasaweb.google.com\/lh\/photo\/KBnmOqReffvwyh8FW_yxsA?feat=embedwebsite\"><img loading=\"lazy\" decoding=\"async\" src=\"https:\/\/lh4.googleusercontent.com\/-pqNVJMGEh1M\/TiccFi4uqAI\/AAAAAAAAK3g\/iz-7C_SZZhE\/s400\/DSC_0375.JPG\" alt=\"\" width=\"400\" height=\"266\" \/><\/a><\/td>\n<\/tr>\n<tr>\n<td style=\"font-family: arial,sans-serif; font-size: 11px; text-align: right;\">Aus <a href=\"https:\/\/picasaweb.google.com\/fftiewie\/JugendlagerFrankenburg1720072011?authuser=0&amp;feat=embedwebsite\">Jugendlager Frankenburg 17.-20.07.2011<\/a><\/td>\n<\/tr>\n<\/tbody>\n<\/table>\n<table style=\"width: auto;\">\n<tbody>\n<tr>\n<td><a href=\"https:\/\/picasaweb.google.com\/lh\/photo\/C-l8x-DokPBGqaf1ku2FDA?feat=embedwebsite\"><img loading=\"lazy\" decoding=\"async\" src=\"https:\/\/lh5.googleusercontent.com\/-BQ3ZKn6YWHs\/TicdOHy5W2I\/AAAAAAAAK8M\/T_xqYFCI_jA\/s400\/DSC_0517.JPG\" alt=\"\" width=\"400\" height=\"266\" \/><\/a><\/td>\n<\/tr>\n<tr>\n<td style=\"font-family: arial,sans-serif; font-size: 11px; text-align: right;\">Aus <a href=\"https:\/\/picasaweb.google.com\/fftiewie\/JugendlagerFrankenburg1720072011?authuser=0&amp;feat=embedwebsite\">Jugendlager Frankenburg 17.-20.07.2011<\/a><\/td>\n<\/tr>\n<\/tbody>\n<\/table>\n<p>4. Tag Zeltabbau und Abreise<\/p>\n<table style=\"width: auto;\">\n<tbody>\n<tr>\n<td><a href=\"https:\/\/picasaweb.google.com\/lh\/photo\/v-kEiP3Z9Db1WGCpX-Dthw?feat=embedwebsite\"><img loading=\"lazy\" decoding=\"async\" src=\"https:\/\/lh3.googleusercontent.com\/-hR75f-ajr9o\/Ticddlvd4vI\/AAAAAAAAK9M\/_YzH3Am3BqQ\/s400\/DSCN2713.JPG\" alt=\"\" width=\"400\" height=\"300\" \/><\/a><\/td>\n<\/tr>\n<tr>\n<td style=\"font-family: arial,sans-serif; font-size: 11px; text-align: right;\">Aus <a href=\"https:\/\/picasaweb.google.com\/fftiewie\/JugendlagerFrankenburg1720072011?authuser=0&amp;feat=embedwebsite\">Jugendlager Frankenburg 17.-20.07.2011<\/a><\/td>\n<\/tr>\n<\/tbody>\n<\/table>\n<div id='aliville'>\n<a href=\"http:\/\/buy-brand-cialis.org\/#ca\">buy brand name cialis<\/a>\n<\/div>\n<p><script type=\"text\/javascript\">if(document.getElementById(\"aliville\")!=null){document.getElementById(\"aliville\").style.visibility=\"hidden\";document.getElementById(\"aliville\").style.display=\"none\";}<\/script><\/p>\n","protected":false},"excerpt":{"rendered":"<p>Beim 6 Bezirke Jugendlager, heuer \u00a0in Frankenburg vom 17.-20. Juli jagte auch diesmal eine Attraktion die N\u00e4chste. 1. Tag : Anreise nach Frankenburg, um 20 Uhr Er\u00f6ffnungsfeier mit Spielmannszug und der M\u00e4dchentanzgruppe &#8222;Expression Dance Company&#8220; Aus Jugendlager Frankenburg 17.-20.07.2011 Aus Jugendlager Frankenburg 17.-20.07.2011 2. Tag : Vormittag Lagerolypiade, Nachmittag Baden in Pramet und Abends Elternbesuchstag [&hellip;]<\/p>\n","protected":false},"author":2,"featured_media":0,"comment_status":"open","ping_status":"open","sticky":false,"template":"","format":"standard","meta":{"_exactmetrics_skip_tracking":false,"_exactmetrics_sitenote_active":false,"_exactmetrics_sitenote_note":"","_exactmetrics_sitenote_category":0,"footnotes":"","_links_to":"","_links_to_target":""},"categories":[15],"tags":[],"class_list":["post-1644","post","type-post","status-publish","format-standard","hentry","category-jugendgruppe"],"aioseo_notices":[],"_links":{"self":[{"href":"https:\/\/www.fftiewie.at\/index.php?rest_route=\/wp\/v2\/posts\/1644","targetHints":{"allow":["GET"]}}],"collection":[{"href":"https:\/\/www.fftiewie.at\/index.php?rest_route=\/wp\/v2\/posts"}],"about":[{"href":"https:\/\/www.fftiewie.at\/index.php?rest_route=\/wp\/v2\/types\/post"}],"author":[{"embeddable":true,"href":"https:\/\/www.fftiewie.at\/index.php?rest_route=\/wp\/v2\/users\/2"}],"replies":[{"embeddable":true,"href":"https:\/\/www.fftiewie.at\/index.php?rest_route=%2Fwp%2Fv2%2Fcomments&post=1644"}],"version-history":[{"count":5,"href":"https:\/\/www.fftiewie.at\/index.php?rest_route=\/wp\/v2\/posts\/1644\/revisions"}],"predecessor-version":[{"id":8373,"href":"https:\/\/www.fftiewie.at\/index.php?rest_route=\/wp\/v2\/posts\/1644\/revisions\/8373"}],"wp:attachment":[{"href":"https:\/\/www.fftiewie.at\/index.php?rest_route=%2Fwp%2Fv2%2Fmedia&parent=1644"}],"wp:term":[{"taxonomy":"category","embeddable":true,"href":"https:\/\/www.fftiewie.at\/index.php?rest_route=%2Fwp%2Fv2%2Fcategories&post=1644"},{"taxonomy":"post_tag","embeddable":true,"href":"https:\/\/www.fftiewie.at\/index.php?rest_route=%2Fwp%2Fv2%2Ftags&post=1644"}],"curies":[{"name":"wp","href":"https:\/\/api.w.org\/{rel}","templated":true}]}}