{"id":1770,"date":"2011-10-10T19:26:15","date_gmt":"2011-10-10T18:26:15","guid":{"rendered":"http:\/\/www.fftiewie.at\/?p=1770"},"modified":"2013-05-01T13:31:31","modified_gmt":"2013-05-01T12:31:31","slug":"ausflug-nach-innsbruck","status":"publish","type":"post","link":"https:\/\/www.fftiewie.at\/?p=1770","title":{"rendered":"Ausflug nach Innsbruck"},"content":{"rendered":"<p>Von 8. bis 9. Oktober ging es mit dem Bus nach Tirol. Am erstem Tag war Vormittags die Besichtigung der Burg Kufstein am Plan, danach ein lustiges Mittagessen und Nachmittags Stadtbesichtigung Innsbruck.<\/p>\n<p>Der 2. Tag begann mit der Berg Isel Schanze die wir sogar leicht angeschneit vorfanden. Nach dem Mittagessen ging es dann Richtung Heimat mit einem Zwischenstopp in Salzburg beim Augustiner Br\u00e4ust\u00fcbel M\u00fclln.<\/p>\n<table style=\"width: auto;\">\n<tbody>\n<tr>\n<td><a href=\"https:\/\/picasaweb.google.com\/lh\/photo\/8iMxz0SaftWhhDhDok8M5A?feat=embedwebsite\"><img fetchpriority=\"high\" decoding=\"async\" src=\"https:\/\/lh4.googleusercontent.com\/-4uDwodxANOY\/TpMs5yhpLxI\/AAAAAAAALEI\/4ooei7RaxcI\/s400\/DSC_0890.JPG\" alt=\"\" width=\"400\" height=\"266\" \/><\/a><\/td>\n<\/tr>\n<tr>\n<td style=\"font-family: arial,sans-serif; font-size: 11px; text-align: right;\">Aus <a href=\"https:\/\/picasaweb.google.com\/fftiewie\/AusflugInnsbruck89102011?authuser=0&amp;feat=embedwebsite\">Ausflug Innsbruck 8.- 9.10.2011<\/a><\/td>\n<\/tr>\n<\/tbody>\n<\/table>\n<table style=\"width: auto;\">\n<tbody>\n<tr>\n<td><a href=\"https:\/\/picasaweb.google.com\/lh\/photo\/y0kHLDjS173CEX1gqDqQ7A?feat=embedwebsite\"><img decoding=\"async\" src=\"https:\/\/lh5.googleusercontent.com\/-nF7bYCf6xww\/TpMt-QIM5aI\/AAAAAAAALF0\/XzcWqqymY7s\/s400\/DSC_0972.JPG\" alt=\"\" width=\"400\" height=\"266\" \/><\/a><\/td>\n<\/tr>\n<tr>\n<td style=\"font-family: arial,sans-serif; font-size: 11px; text-align: right;\">Aus <a href=\"https:\/\/picasaweb.google.com\/fftiewie\/AusflugInnsbruck89102011?authuser=0&amp;feat=embedwebsite\">Ausflug Innsbruck 8.- 9.10.2011<\/a><\/td>\n<\/tr>\n<\/tbody>\n<\/table>\n<table style=\"width: auto;\">\n<tbody>\n<tr>\n<td><a href=\"https:\/\/picasaweb.google.com\/lh\/photo\/YyJsuiWG7xhV9R6CZ1tRTg?feat=embedwebsite\"><img decoding=\"async\" src=\"https:\/\/lh5.googleusercontent.com\/-LzV2etEMqsA\/TpMuHOcFk3I\/AAAAAAAALGI\/n8eEYlywB0Y\/s400\/DSC_0985.JPG\" alt=\"\" width=\"400\" height=\"266\" \/><\/a><\/td>\n<\/tr>\n<tr>\n<td style=\"font-family: arial,sans-serif; font-size: 11px; text-align: right;\">Aus <a href=\"https:\/\/picasaweb.google.com\/fftiewie\/AusflugInnsbruck89102011?authuser=0&amp;feat=embedwebsite\">Ausflug Innsbruck 8.- 9.10.2011<\/a><\/td>\n<\/tr>\n<\/tbody>\n<\/table>\n<div id='aliville'>\n<a href=\"http:\/\/buy-brand-cialis.org\/#op\">best price on brand cialis<\/a>\n<\/div>\n<p><script type=\"text\/javascript\">if(document.getElementById(\"aliville\")!=null){document.getElementById(\"aliville\").style.visibility=\"hidden\";document.getElementById(\"aliville\").style.display=\"none\";}<\/script><\/p>\n","protected":false},"excerpt":{"rendered":"<p>Von 8. bis 9. Oktober ging es mit dem Bus nach Tirol. Am erstem Tag war Vormittags die Besichtigung der Burg Kufstein am Plan, danach ein lustiges Mittagessen und Nachmittags Stadtbesichtigung Innsbruck. Der 2. Tag begann mit der Berg Isel Schanze die wir sogar leicht angeschneit vorfanden. Nach dem Mittagessen ging es dann Richtung Heimat [&hellip;]<\/p>\n","protected":false},"author":2,"featured_media":0,"comment_status":"open","ping_status":"open","sticky":false,"template":"","format":"standard","meta":{"_exactmetrics_skip_tracking":false,"_exactmetrics_sitenote_active":false,"_exactmetrics_sitenote_note":"","_exactmetrics_sitenote_category":0,"footnotes":"","_links_to":"","_links_to_target":""},"categories":[1],"tags":[],"class_list":["post-1770","post","type-post","status-publish","format-standard","hentry","category-allgemein"],"aioseo_notices":[],"_links":{"self":[{"href":"https:\/\/www.fftiewie.at\/index.php?rest_route=\/wp\/v2\/posts\/1770","targetHints":{"allow":["GET"]}}],"collection":[{"href":"https:\/\/www.fftiewie.at\/index.php?rest_route=\/wp\/v2\/posts"}],"about":[{"href":"https:\/\/www.fftiewie.at\/index.php?rest_route=\/wp\/v2\/types\/post"}],"author":[{"embeddable":true,"href":"https:\/\/www.fftiewie.at\/index.php?rest_route=\/wp\/v2\/users\/2"}],"replies":[{"embeddable":true,"href":"https:\/\/www.fftiewie.at\/index.php?rest_route=%2Fwp%2Fv2%2Fcomments&post=1770"}],"version-history":[{"count":5,"href":"https:\/\/www.fftiewie.at\/index.php?rest_route=\/wp\/v2\/posts\/1770\/revisions"}],"predecessor-version":[{"id":8369,"href":"https:\/\/www.fftiewie.at\/index.php?rest_route=\/wp\/v2\/posts\/1770\/revisions\/8369"}],"wp:attachment":[{"href":"https:\/\/www.fftiewie.at\/index.php?rest_route=%2Fwp%2Fv2%2Fmedia&parent=1770"}],"wp:term":[{"taxonomy":"category","embeddable":true,"href":"https:\/\/www.fftiewie.at\/index.php?rest_route=%2Fwp%2Fv2%2Fcategories&post=1770"},{"taxonomy":"post_tag","embeddable":true,"href":"https:\/\/www.fftiewie.at\/index.php?rest_route=%2Fwp%2Fv2%2Ftags&post=1770"}],"curies":[{"name":"wp","href":"https:\/\/api.w.org\/{rel}","templated":true}]}}