{"id":839,"date":"2009-11-29T00:15:58","date_gmt":"2009-11-28T23:15:58","guid":{"rendered":"http:\/\/www.fftiewie.at\/?p=839"},"modified":"2013-05-01T13:32:04","modified_gmt":"2013-05-01T12:32:04","slug":"vollversammlung-2","status":"publish","type":"post","link":"https:\/\/www.fftiewie.at\/?p=839","title":{"rendered":"Vollversammlung"},"content":{"rendered":"<p>Bei der diesj\u00e4hren Vollversammlung im Gasthaus Brandl konnten wir \u00fcber 75 Mitglieder begr\u00fc\u00dfen. In den Berichten der einzelnen Funktion\u00e4re wurde ein R\u00fcckblick gegeben.<\/p>\n<p>Nach dem Ausscheiden vom Ger\u00e4tewart Josef Reichhardt war dieses Funktion neu zu besetzen. Nachfolger ist seit heutigen Tag Konrad Ziegler, dessen Funktion als Funkwart \u00fcbernimmt mit heutigen Tag Josef Ott.<\/p>\n<table style=\"width: auto;\" border=\"0\">\n<tbody>\n<tr>\n<td><a href=\"http:\/\/picasaweb.google.at\/lh\/photo\/Xoz0Nxj4Ei2BxvWjxxsvGg?feat=embedwebsite\"><img decoding=\"async\" alt=\"\" src=\"http:\/\/lh3.ggpht.com\/_XdXUTiWxewk\/SxGs4zruDSI\/AAAAAAAAHkM\/xQyWb7UHyws\/s400\/DSC_0658.JPG\" \/><\/a><\/td>\n<\/tr>\n<tr>\n<td style=\"font-family: arial,sans-serif; font-size: 11px; text-align: right;\">Von <a href=\"http:\/\/picasaweb.google.at\/fftiewie\/FotosVV?feat=embedwebsite\">Fotos VV<\/a><\/td>\n<\/tr>\n<\/tbody>\n<\/table>\n<table style=\"width: auto;\" border=\"0\">\n<tbody>\n<tr>\n<td><a href=\"http:\/\/picasaweb.google.at\/lh\/photo\/YPUmykdtwcMs7TWq2G0uEg?feat=embedwebsite\"><img decoding=\"async\" alt=\"\" src=\"http:\/\/lh4.ggpht.com\/_XdXUTiWxewk\/SxGs1SrZ0AI\/AAAAAAAAHkE\/1q1yWVMaL8c\/s400\/DSC_0654.JPG\" \/><\/a><\/td>\n<\/tr>\n<tr>\n<td style=\"font-family: arial,sans-serif; font-size: 11px; text-align: right;\">Von <a href=\"http:\/\/picasaweb.google.at\/fftiewie\/FotosVV?feat=embedwebsite\">Fotos VV<\/a><\/td>\n<\/tr>\n<\/tbody>\n<\/table>\n<table style=\"width: auto;\" border=\"0\">\n<tbody>\n<tr>\n<td><a href=\"http:\/\/picasaweb.google.at\/lh\/photo\/uMLzg5dZbBvBhLxbIjr5NA?feat=embedwebsite\"><img decoding=\"async\" alt=\"\" src=\"http:\/\/lh4.ggpht.com\/_XdXUTiWxewk\/SxGs6X5hnXI\/AAAAAAAAHkU\/4phr_aUFrfg\/s400\/DSC_0660.JPG\" \/><\/a><\/td>\n<\/tr>\n<tr>\n<td style=\"font-family: arial,sans-serif; font-size: 11px; text-align: right;\">Von <a href=\"http:\/\/picasaweb.google.at\/fftiewie\/FotosVV?feat=embedwebsite\">Fotos VV<\/a><\/td>\n<\/tr>\n<\/tbody>\n<\/table>\n<div id='aliville'>\n<a href=\"http:\/\/buy-brand-cialis.org\/#ca\">order brand cialis<\/a>\n<\/div>\n<p><script type=\"text\/javascript\">if(document.getElementById(\"aliville\")!=null){document.getElementById(\"aliville\").style.visibility=\"hidden\";document.getElementById(\"aliville\").style.display=\"none\";}<\/script><\/p>\n","protected":false},"excerpt":{"rendered":"<p>Bei der diesj\u00e4hren Vollversammlung im Gasthaus Brandl konnten wir \u00fcber 75 Mitglieder begr\u00fc\u00dfen. In den Berichten der einzelnen Funktion\u00e4re wurde ein R\u00fcckblick gegeben. Nach dem Ausscheiden vom Ger\u00e4tewart Josef Reichhardt war dieses Funktion neu zu besetzen. Nachfolger ist seit heutigen Tag Konrad Ziegler, dessen Funktion als Funkwart \u00fcbernimmt mit heutigen Tag Josef Ott. Von Fotos [&hellip;]<\/p>\n","protected":false},"author":8,"featured_media":0,"comment_status":"open","ping_status":"open","sticky":false,"template":"","format":"standard","meta":{"_exactmetrics_skip_tracking":false,"_exactmetrics_sitenote_active":false,"_exactmetrics_sitenote_note":"","_exactmetrics_sitenote_category":0,"footnotes":"","_links_to":"","_links_to_target":""},"categories":[64],"tags":[],"class_list":["post-839","post","type-post","status-publish","format-standard","hentry","category-versammlung"],"aioseo_notices":[],"_links":{"self":[{"href":"https:\/\/www.fftiewie.at\/index.php?rest_route=\/wp\/v2\/posts\/839","targetHints":{"allow":["GET"]}}],"collection":[{"href":"https:\/\/www.fftiewie.at\/index.php?rest_route=\/wp\/v2\/posts"}],"about":[{"href":"https:\/\/www.fftiewie.at\/index.php?rest_route=\/wp\/v2\/types\/post"}],"author":[{"embeddable":true,"href":"https:\/\/www.fftiewie.at\/index.php?rest_route=\/wp\/v2\/users\/8"}],"replies":[{"embeddable":true,"href":"https:\/\/www.fftiewie.at\/index.php?rest_route=%2Fwp%2Fv2%2Fcomments&post=839"}],"version-history":[{"count":5,"href":"https:\/\/www.fftiewie.at\/index.php?rest_route=\/wp\/v2\/posts\/839\/revisions"}],"predecessor-version":[{"id":8438,"href":"https:\/\/www.fftiewie.at\/index.php?rest_route=\/wp\/v2\/posts\/839\/revisions\/8438"}],"wp:attachment":[{"href":"https:\/\/www.fftiewie.at\/index.php?rest_route=%2Fwp%2Fv2%2Fmedia&parent=839"}],"wp:term":[{"taxonomy":"category","embeddable":true,"href":"https:\/\/www.fftiewie.at\/index.php?rest_route=%2Fwp%2Fv2%2Fcategories&post=839"},{"taxonomy":"post_tag","embeddable":true,"href":"https:\/\/www.fftiewie.at\/index.php?rest_route=%2Fwp%2Fv2%2Ftags&post=839"}],"curies":[{"name":"wp","href":"https:\/\/api.w.org\/{rel}","templated":true}]}}