{"id":9700,"date":"2015-10-25T18:42:35","date_gmt":"2015-10-25T17:42:35","guid":{"rendered":"http:\/\/www.fftiewie.at\/?p=9700"},"modified":"2015-11-01T12:14:10","modified_gmt":"2015-11-01T11:14:10","slug":"herbstuebung-2015","status":"publish","type":"post","link":"https:\/\/www.fftiewie.at\/?p=9700","title":{"rendered":"Herbst\u00fcbung 2015"},"content":{"rendered":"<p>Am 24. Oktober wurde die Herbst\u00fcbung von der Feuerwehr Taiskirchen organisiert, deren \u00dcbungsannahme ein Brand im ASZ war. Unsere Feuerwehr wurde beauftragt den Atemschutz Sammelplatz zu organisieren, sowie Leitungsaufbau und stellen der Atemschutztrupps.<\/p>\n<p><img fetchpriority=\"high\" decoding=\"async\" class=\"pie-img\" alt=\"20151024_172221.jpg\" src=\"http:\/\/lh3.googleusercontent.com\/-l7ZP-TXuGlo\/Vi0EgPgwDZI\/AAAAAAAAZEg\/kMxvXY4_A9k\/20151024_172221.jpg?imgmax=640\" width=\"576\" height=\"324\" \/><img style=\"margin: 10px 10px 10px 10px;\" alt=\"\" \/><\/p>\n<p><img decoding=\"async\" class=\"pie-img\" alt=\"20151024_173516.jpg\" src=\"http:\/\/lh3.googleusercontent.com\/-5TZf7SQUsMg\/Vi0Ei6gbRsI\/AAAAAAAAZEw\/sUnC9N2fRyk\/20151024_173516.jpg?imgmax=640\" width=\"576\" height=\"324\" \/><img style=\"margin: 10px 10px 10px 10px;\" alt=\"\" \/><\/p>\n","protected":false},"excerpt":{"rendered":"<p>Am 24. Oktober wurde die Herbst\u00fcbung von der Feuerwehr Taiskirchen organisiert, deren \u00dcbungsannahme ein Brand im ASZ war. Unsere Feuerwehr wurde beauftragt den Atemschutz Sammelplatz zu organisieren, sowie Leitungsaufbau und stellen der Atemschutztrupps.<\/p>\n","protected":false},"author":2,"featured_media":0,"comment_status":"closed","ping_status":"open","sticky":false,"template":"","format":"standard","meta":{"_exactmetrics_skip_tracking":false,"_exactmetrics_sitenote_active":false,"_exactmetrics_sitenote_note":"","_exactmetrics_sitenote_category":0,"footnotes":"","_links_to":"","_links_to_target":""},"categories":[13],"tags":[],"class_list":["post-9700","post","type-post","status-publish","format-standard","hentry","category-einsatze"],"aioseo_notices":[],"_links":{"self":[{"href":"https:\/\/www.fftiewie.at\/index.php?rest_route=\/wp\/v2\/posts\/9700","targetHints":{"allow":["GET"]}}],"collection":[{"href":"https:\/\/www.fftiewie.at\/index.php?rest_route=\/wp\/v2\/posts"}],"about":[{"href":"https:\/\/www.fftiewie.at\/index.php?rest_route=\/wp\/v2\/types\/post"}],"author":[{"embeddable":true,"href":"https:\/\/www.fftiewie.at\/index.php?rest_route=\/wp\/v2\/users\/2"}],"replies":[{"embeddable":true,"href":"https:\/\/www.fftiewie.at\/index.php?rest_route=%2Fwp%2Fv2%2Fcomments&post=9700"}],"version-history":[{"count":5,"href":"https:\/\/www.fftiewie.at\/index.php?rest_route=\/wp\/v2\/posts\/9700\/revisions"}],"predecessor-version":[{"id":9707,"href":"https:\/\/www.fftiewie.at\/index.php?rest_route=\/wp\/v2\/posts\/9700\/revisions\/9707"}],"wp:attachment":[{"href":"https:\/\/www.fftiewie.at\/index.php?rest_route=%2Fwp%2Fv2%2Fmedia&parent=9700"}],"wp:term":[{"taxonomy":"category","embeddable":true,"href":"https:\/\/www.fftiewie.at\/index.php?rest_route=%2Fwp%2Fv2%2Fcategories&post=9700"},{"taxonomy":"post_tag","embeddable":true,"href":"https:\/\/www.fftiewie.at\/index.php?rest_route=%2Fwp%2Fv2%2Ftags&post=9700"}],"curies":[{"name":"wp","href":"https:\/\/api.w.org\/{rel}","templated":true}]}}