{"id":9921,"date":"2016-06-03T08:19:57","date_gmt":"2016-06-03T07:19:57","guid":{"rendered":"http:\/\/www.fftiewie.at\/?p=9921"},"modified":"2016-06-14T16:43:29","modified_gmt":"2016-06-14T15:43:29","slug":"abschnittsbewerb-kobernaussen","status":"publish","type":"post","link":"https:\/\/www.fftiewie.at\/?p=9921","title":{"rendered":"Abschnittsbewerb Kobernau\u00dfen"},"content":{"rendered":"<p>Beim Abschnittsbewerb in Kobernau\u00dfen konnte die Jugend mit einem 5. Platz in der G\u00e4stewertung aufwarten.<\/p>\n<p><a href=\"https:\/\/www.fftiewie.at\/wp-content\/uploads\/2016\/06\/20160604_154735.jpg\"><img fetchpriority=\"high\" decoding=\"async\" class=\"alignnone wp-image-9940\" src=\"https:\/\/www.fftiewie.at\/wp-content\/uploads\/2016\/06\/20160604_154735-1024x576.jpg\" alt=\"20160604_154735\" width=\"600\" height=\"338\" srcset=\"https:\/\/www.fftiewie.at\/wp-content\/uploads\/2016\/06\/20160604_154735-1024x576.jpg 1024w, https:\/\/www.fftiewie.at\/wp-content\/uploads\/2016\/06\/20160604_154735-300x169.jpg 300w, https:\/\/www.fftiewie.at\/wp-content\/uploads\/2016\/06\/20160604_154735-768x432.jpg 768w\" sizes=\"(max-width: 600px) 100vw, 600px\" \/><\/a><\/p>\n<p><a href=\"https:\/\/www.fftiewie.at\/wp-content\/uploads\/2016\/06\/20160604_143219.jpg\"><img decoding=\"async\" class=\"alignnone wp-image-9923\" src=\"https:\/\/www.fftiewie.at\/wp-content\/uploads\/2016\/06\/20160604_143219-1024x576.jpg\" alt=\"20160604_143219\" width=\"600\" height=\"338\" srcset=\"https:\/\/www.fftiewie.at\/wp-content\/uploads\/2016\/06\/20160604_143219-1024x576.jpg 1024w, https:\/\/www.fftiewie.at\/wp-content\/uploads\/2016\/06\/20160604_143219-300x169.jpg 300w, https:\/\/www.fftiewie.at\/wp-content\/uploads\/2016\/06\/20160604_143219-768x432.jpg 768w\" sizes=\"(max-width: 600px) 100vw, 600px\" \/><\/a><a href=\"https:\/\/www.fftiewie.at\/wp-content\/uploads\/2016\/06\/20160604_151411.jpg\"><img decoding=\"async\" class=\"alignnone wp-image-9925\" src=\"https:\/\/www.fftiewie.at\/wp-content\/uploads\/2016\/06\/20160604_151411-1024x576.jpg\" alt=\"20160604_151411\" width=\"600\" height=\"338\" srcset=\"https:\/\/www.fftiewie.at\/wp-content\/uploads\/2016\/06\/20160604_151411-1024x576.jpg 1024w, https:\/\/www.fftiewie.at\/wp-content\/uploads\/2016\/06\/20160604_151411-300x169.jpg 300w, https:\/\/www.fftiewie.at\/wp-content\/uploads\/2016\/06\/20160604_151411-768x432.jpg 768w\" sizes=\"(max-width: 600px) 100vw, 600px\" \/><\/a><\/p>\n","protected":false},"excerpt":{"rendered":"<p>Beim Abschnittsbewerb in Kobernau\u00dfen konnte die Jugend mit einem 5. Platz in der G\u00e4stewertung aufwarten.<\/p>\n","protected":false},"author":2,"featured_media":0,"comment_status":"closed","ping_status":"open","sticky":false,"template":"","format":"standard","meta":{"_exactmetrics_skip_tracking":false,"_exactmetrics_sitenote_active":false,"_exactmetrics_sitenote_note":"","_exactmetrics_sitenote_category":0,"footnotes":"","_links_to":"","_links_to_target":""},"categories":[15],"tags":[],"class_list":["post-9921","post","type-post","status-publish","format-standard","hentry","category-jugendgruppe"],"aioseo_notices":[],"_links":{"self":[{"href":"https:\/\/www.fftiewie.at\/index.php?rest_route=\/wp\/v2\/posts\/9921","targetHints":{"allow":["GET"]}}],"collection":[{"href":"https:\/\/www.fftiewie.at\/index.php?rest_route=\/wp\/v2\/posts"}],"about":[{"href":"https:\/\/www.fftiewie.at\/index.php?rest_route=\/wp\/v2\/types\/post"}],"author":[{"embeddable":true,"href":"https:\/\/www.fftiewie.at\/index.php?rest_route=\/wp\/v2\/users\/2"}],"replies":[{"embeddable":true,"href":"https:\/\/www.fftiewie.at\/index.php?rest_route=%2Fwp%2Fv2%2Fcomments&post=9921"}],"version-history":[{"count":5,"href":"https:\/\/www.fftiewie.at\/index.php?rest_route=\/wp\/v2\/posts\/9921\/revisions"}],"predecessor-version":[{"id":9951,"href":"https:\/\/www.fftiewie.at\/index.php?rest_route=\/wp\/v2\/posts\/9921\/revisions\/9951"}],"wp:attachment":[{"href":"https:\/\/www.fftiewie.at\/index.php?rest_route=%2Fwp%2Fv2%2Fmedia&parent=9921"}],"wp:term":[{"taxonomy":"category","embeddable":true,"href":"https:\/\/www.fftiewie.at\/index.php?rest_route=%2Fwp%2Fv2%2Fcategories&post=9921"},{"taxonomy":"post_tag","embeddable":true,"href":"https:\/\/www.fftiewie.at\/index.php?rest_route=%2Fwp%2Fv2%2Ftags&post=9921"}],"curies":[{"name":"wp","href":"https:\/\/api.w.org\/{rel}","templated":true}]}}