{"id":9982,"date":"2016-09-28T19:01:01","date_gmt":"2016-09-28T18:01:01","guid":{"rendered":"http:\/\/www.fftiewie.at\/?p=9982"},"modified":"2016-10-24T19:09:00","modified_gmt":"2016-10-24T18:09:00","slug":"ein-gastgeschenk-fuer-soziale-waerme","status":"publish","type":"post","link":"https:\/\/www.fftiewie.at\/?p=9982","title":{"rendered":"Ein Gastgeschenk f\u00fcr soziale W\u00e4rme"},"content":{"rendered":"<p><a href=\"https:\/\/www.fftiewie.at\/wp-content\/uploads\/2016\/09\/ASS_4367.jpg\"><img fetchpriority=\"high\" decoding=\"async\" class=\"alignnone wp-image-9983\" src=\"https:\/\/www.fftiewie.at\/wp-content\/uploads\/2016\/09\/ASS_4367-1024x768.jpg\" alt=\"ASS_4367\" width=\"572\" height=\"429\" srcset=\"https:\/\/www.fftiewie.at\/wp-content\/uploads\/2016\/09\/ASS_4367-1024x768.jpg 1024w, https:\/\/www.fftiewie.at\/wp-content\/uploads\/2016\/09\/ASS_4367-300x225.jpg 300w, https:\/\/www.fftiewie.at\/wp-content\/uploads\/2016\/09\/ASS_4367-768x576.jpg 768w\" sizes=\"(max-width: 572px) 100vw, 572px\" \/><\/a><\/p>\n<pre>Bild vlnr: Kommandant Christian Nagl von der FF Breitenried, Kommandant Helmut Wimmer, FF Tiefenbach-Wietraun, Gabriele Huber, assista Gesch\u00e4ftsf\u00fchrerin und Gerald L. assista Bewohner<\/pre>\n<p><strong>Bei dem heurigen Bezirksfeuerwehrfest in Taiskichen verzichteten die Feuerwehren Tiefenbach- Wietraun und Breitenried auf das Gastgeschenk und unterst\u00fctzten stattdessen den H\u00e4rtefonds von assista in Altenhof am Hausruck mit dem stolzen Betrag von 500 Euro.<\/strong><\/p>\n<p><strong>Mit Geldern aus diesem H\u00e4rtefonds werden Menschen mit Beeintr\u00e4chtigung in schwierigen finanziellen Situationen in Form von Zusch\u00fcssen oder \u00dcberbr\u00fcckungshilfen unterst\u00fctzt. So werden beispielsweise Restkosten f\u00fcr Therapiehilfen, Mobilit\u00e4tsausstattung und Kommunikationshilfen finanziert.<\/strong><\/p>\n<p><strong>\u201eMit dem Geld k\u00f6nnen wir Hilfe leisten, die von der \u00f6ffentlichen Hand nicht abgedeckt wird\u201c, so Gabriele Huber, die den Scheck von Kommandant Helmut Wimmer der FF Tiefenbach-Wietraun und Kommandant der FF Breitenried Christian Nagl entgegennahm. Rechts am Bild ein Bewohner von assista, der bereits 27 Jahre in Altenhof lebt und vor seinem Unfall in der Jugendgruppe der FF Wietraun aktiv war.<\/strong><\/p>\n<p>&nbsp;<\/p>\n","protected":false},"excerpt":{"rendered":"<p>Bild vlnr: Kommandant Christian Nagl von der FF Breitenried, Kommandant Helmut Wimmer, FF Tiefenbach-Wietraun, Gabriele Huber, assista Gesch\u00e4ftsf\u00fchrerin und Gerald L. assista Bewohner Bei dem heurigen Bezirksfeuerwehrfest in Taiskichen verzichteten die Feuerwehren Tiefenbach- Wietraun und Breitenried auf das Gastgeschenk und unterst\u00fctzten stattdessen den H\u00e4rtefonds von assista in Altenhof am Hausruck mit dem stolzen Betrag von [&hellip;]<\/p>\n","protected":false},"author":2,"featured_media":0,"comment_status":"closed","ping_status":"open","sticky":false,"template":"","format":"standard","meta":{"_exactmetrics_skip_tracking":false,"_exactmetrics_sitenote_active":false,"_exactmetrics_sitenote_note":"","_exactmetrics_sitenote_category":0,"footnotes":"","_links_to":"","_links_to_target":""},"categories":[1],"tags":[],"class_list":["post-9982","post","type-post","status-publish","format-standard","hentry","category-allgemein"],"aioseo_notices":[],"_links":{"self":[{"href":"https:\/\/www.fftiewie.at\/index.php?rest_route=\/wp\/v2\/posts\/9982","targetHints":{"allow":["GET"]}}],"collection":[{"href":"https:\/\/www.fftiewie.at\/index.php?rest_route=\/wp\/v2\/posts"}],"about":[{"href":"https:\/\/www.fftiewie.at\/index.php?rest_route=\/wp\/v2\/types\/post"}],"author":[{"embeddable":true,"href":"https:\/\/www.fftiewie.at\/index.php?rest_route=\/wp\/v2\/users\/2"}],"replies":[{"embeddable":true,"href":"https:\/\/www.fftiewie.at\/index.php?rest_route=%2Fwp%2Fv2%2Fcomments&post=9982"}],"version-history":[{"count":5,"href":"https:\/\/www.fftiewie.at\/index.php?rest_route=\/wp\/v2\/posts\/9982\/revisions"}],"predecessor-version":[{"id":9991,"href":"https:\/\/www.fftiewie.at\/index.php?rest_route=\/wp\/v2\/posts\/9982\/revisions\/9991"}],"wp:attachment":[{"href":"https:\/\/www.fftiewie.at\/index.php?rest_route=%2Fwp%2Fv2%2Fmedia&parent=9982"}],"wp:term":[{"taxonomy":"category","embeddable":true,"href":"https:\/\/www.fftiewie.at\/index.php?rest_route=%2Fwp%2Fv2%2Fcategories&post=9982"},{"taxonomy":"post_tag","embeddable":true,"href":"https:\/\/www.fftiewie.at\/index.php?rest_route=%2Fwp%2Fv2%2Ftags&post=9982"}],"curies":[{"name":"wp","href":"https:\/\/api.w.org\/{rel}","templated":true}]}}